{"id":688,"date":"2026-03-12T09:15:25","date_gmt":"2026-03-12T08:15:25","guid":{"rendered":"https:\/\/apelsteclotilde.fr\/?p=688"},"modified":"2026-03-12T14:36:07","modified_gmt":"2026-03-12T13:36:07","slug":"compte-rendu-de-la-reunion-de-lapel-du-10-02-2025","status":"publish","type":"post","link":"https:\/\/apelsteclotilde.fr\/?p=688","title":{"rendered":"Compte-rendu de la r\u00e9union de l&rsquo;Apel du 10\/02\/2026"},"content":{"rendered":"\n<p>La r\u00e9union de l\u2019APEL s\u2019est tenue le 10 f\u00e9vrier 2026 en pr\u00e9sence de nombreux parents et de la direction du coll\u00e8ge.<\/p>\n\n\n\n<p>Les \u00e9changes ont notamment port\u00e9 sur le <strong>bilan tr\u00e8s positif des portes ouvertes<\/strong>, qui ont accueilli plus de visiteurs que l\u2019an dernier, ainsi que sur l\u2019organisation des \u00e9v\u00e9nements de l\u2019ann\u00e9e comme <strong>le loto et le forum des m\u00e9tiers<\/strong>. <\/p>\n\n\n\n<p><strong>Plusieurs commissions<\/strong> ont \u00e9galement partag\u00e9 leurs travaux : <\/p>\n\n\n\n<ul class=\"wp-block-list\">\n<li>accompagnement des parents correspondants<\/li>\n\n\n\n<li>r\u00e9flexion sur la restauration scolaire<\/li>\n\n\n\n<li>projets pastoraux <\/li>\n\n\n\n<li>pr\u00e9paration d\u2019initiatives \u00e9ducatives et culturelles.<\/li>\n<\/ul>\n\n\n\n<p>Le coll\u00e8ge a par ailleurs obtenu <strong>l\u2019agr\u00e9ment Erasmus<\/strong>, ouvrant de nouvelles <strong>perspectives d\u2019\u00e9changes europ\u00e9ens<\/strong> pour les \u00e9l\u00e8ves. <\/p>\n\n\n\n<p>Des sujets li\u00e9s \u00e0 la <strong>vie scolaire et au climat \u00e9ducatif<\/strong> ont \u00e9t\u00e9 \u00e9voqu\u00e9s, avec la volont\u00e9 de poursuivre les actions de pr\u00e9vention et de dialogue au sein de la communaut\u00e9 \u00e9ducative.<\/p>\n\n\n\n<p>Enfin, plusieurs rendez-vous importants ont \u00e9t\u00e9 rappel\u00e9s, notamment les r\u00e9unions d\u2019orientation et les prochains projets de l\u2019\u00e9tablissement. <\/p>\n\n\n\n<p>La prochaine r\u00e9union de l\u2019APEL aura lieu <strong>le 16 mars 2026.<\/strong><\/p>\n\n\n\n<p><\/p>\n","protected":false},"excerpt":{"rendered":"<p>La r\u00e9union de l\u2019APEL s\u2019est tenue le 10 f\u00e9vrier 2026 en pr\u00e9sence de nombreux parents et de la direction du coll\u00e8ge. Les \u00e9changes ont notamment port\u00e9 sur le bilan tr\u00e8s positif des portes ouvertes, qui ont accueilli plus de visiteurs que l\u2019an dernier, ainsi que sur l\u2019organisation des \u00e9v\u00e9nements de l\u2019ann\u00e9e comme le loto et &hellip; <a href=\"https:\/\/apelsteclotilde.fr\/?p=688\" class=\"more-link\">Continuer la lecture<span class=\"screen-reader-text\"> de &laquo;&nbsp;Compte-rendu de la r\u00e9union de l&rsquo;Apel du 10\/02\/2026&nbsp;&raquo;<\/span><\/a><\/p>\n","protected":false},"author":1,"featured_media":0,"comment_status":"closed","ping_status":"","sticky":false,"template":"","format":"standard","meta":{"footnotes":""},"categories":[6,5],"tags":[],"class_list":["post-688","post","type-post","status-publish","format-standard","hentry","category-calendrier","category-les-actualites"],"_links":{"self":[{"href":"https:\/\/apelsteclotilde.fr\/index.php?rest_route=\/wp\/v2\/posts\/688","targetHints":{"allow":["GET"]}}],"collection":[{"href":"https:\/\/apelsteclotilde.fr\/index.php?rest_route=\/wp\/v2\/posts"}],"about":[{"href":"https:\/\/apelsteclotilde.fr\/index.php?rest_route=\/wp\/v2\/types\/post"}],"author":[{"embeddable":true,"href":"https:\/\/apelsteclotilde.fr\/index.php?rest_route=\/wp\/v2\/users\/1"}],"replies":[{"embeddable":true,"href":"https:\/\/apelsteclotilde.fr\/index.php?rest_route=%2Fwp%2Fv2%2Fcomments&post=688"}],"version-history":[{"count":3,"href":"https:\/\/apelsteclotilde.fr\/index.php?rest_route=\/wp\/v2\/posts\/688\/revisions"}],"predecessor-version":[{"id":696,"href":"https:\/\/apelsteclotilde.fr\/index.php?rest_route=\/wp\/v2\/posts\/688\/revisions\/696"}],"wp:attachment":[{"href":"https:\/\/apelsteclotilde.fr\/index.php?rest_route=%2Fwp%2Fv2%2Fmedia&parent=688"}],"wp:term":[{"taxonomy":"category","embeddable":true,"href":"https:\/\/apelsteclotilde.fr\/index.php?rest_route=%2Fwp%2Fv2%2Fcategories&post=688"},{"taxonomy":"post_tag","embeddable":true,"href":"https:\/\/apelsteclotilde.fr\/index.php?rest_route=%2Fwp%2Fv2%2Ftags&post=688"}],"curies":[{"name":"wp","href":"https:\/\/api.w.org\/{rel}","templated":true}]}}