{"id":65,"date":"2022-11-19T16:59:48","date_gmt":"2022-11-19T15:59:48","guid":{"rendered":"https:\/\/apelsteclotilde.fr\/?p=65"},"modified":"2022-12-08T13:54:21","modified_gmt":"2022-12-08T12:54:21","slug":"calendrier-apel-et-temps-forts-2022-2023","status":"publish","type":"post","link":"https:\/\/apelsteclotilde.fr\/?p=65","title":{"rendered":"Calendrier Apel\u00a0et\u00a0temps forts\u00a02022-2023"},"content":{"rendered":"\n<h3 class=\"wp-block-heading\">Prochaine r\u00e9union : 22 novembre 2022<\/h3>\n\n\n\n<p>Tous les parents du coll\u00e8ge y sont convi\u00e9s.<\/p>\n\n\n\n<h3 class=\"wp-block-heading\"><strong>Ev\u00e9nements de l&rsquo;ann\u00e9e scolaire 2022-2023<\/strong><\/h3>\n\n\n\n<ul class=\"wp-block-list\">\n<li><strong>Loto<\/strong> : 20\/01\/2023 \u00e0 19h30<\/li>\n\n\n\n<li><strong>R\u00e9union (individuelle) Parents\/Professeurs en pr\u00e9sentiel ou distanciel&nbsp;<\/strong>:&nbsp;\u00e0 venir<\/li>\n\n\n\n<li><strong>Forum des M\u00e9tiers : <\/strong>Mars 2023<\/li>\n\n\n\n<li><strong>Journ\u00e9e Portes Ouvertes<\/strong>&nbsp;: 13\/05\/2023<\/li>\n\n\n\n<li><strong>F\u00eate du Coll\u00e8ge<\/strong>&nbsp;: 10\/06\/2023<\/li>\n\n\n\n<li><strong>Caf\u00e9 d&rsquo;accueil des parents de 6e<\/strong>&nbsp;: 01\/09\/2022 \u00e0 partir de 9h<\/li>\n<\/ul>\n\n\n\n<h3 class=\"wp-block-heading\">Le coll\u00e8ge&nbsp;: temps forts trimestriels<\/h3>\n\n\n\n<p>L\u2019ann\u00e9e scolaire est divis\u00e9e en 3 p\u00e9riodes ou \u00ab trimestres \u00bb.<br>&gt;&nbsp;<a href=\"http:\/\/ekladata.com\/_hKd2qw2dLyd_6jRLzCglJoRFoQ.pdf\" target=\"_blank\" rel=\"noreferrer noopener\">T\u00e9l\u00e9chargez le calendrier<\/a>&nbsp;des temps forts trimestriels<\/p>\n\n\n\n<h3 class=\"wp-block-heading\">Le coll\u00e8ge au fil des mois<\/h3>\n\n\n\n<p>&gt;&nbsp;<a href=\"http:\/\/ekladata.com\/rNdNfWz7RnqMsDyxYX9y5MCBlR8.pdf\" target=\"_blank\" rel=\"noreferrer noopener\">Consultez&nbsp;le calendrier scolaire de l&rsquo;ann\u00e9e<\/a><\/p>\n\n\n\n<h3 class=\"wp-block-heading\">Les dates \u00e0 venir des conseils de classe<\/h3>\n\n\n\n<p>&gt;&nbsp;Conseils de classe du 1er trimestre &#8211; entre le 24\/11\/2022 et le 12\/12\/2022<br>&gt;&nbsp;Conseils de classe du&nbsp;2e trimestre<br>&gt;&nbsp;Conseils de classe du&nbsp;3e trimestre<\/p>\n","protected":false},"excerpt":{"rendered":"<p>Prochaine r\u00e9union : 22 novembre 2022 Tous les parents du coll\u00e8ge y sont convi\u00e9s. Ev\u00e9nements de l&rsquo;ann\u00e9e scolaire 2022-2023 Le coll\u00e8ge&nbsp;: temps forts trimestriels L\u2019ann\u00e9e scolaire est divis\u00e9e en 3 p\u00e9riodes ou \u00ab trimestres \u00bb.&gt;&nbsp;T\u00e9l\u00e9chargez le calendrier&nbsp;des temps forts trimestriels Le coll\u00e8ge au fil des mois &gt;&nbsp;Consultez&nbsp;le calendrier scolaire de l&rsquo;ann\u00e9e Les dates \u00e0 venir &hellip; <a href=\"https:\/\/apelsteclotilde.fr\/?p=65\" class=\"more-link\">Continuer la lecture<span class=\"screen-reader-text\"> de &laquo;&nbsp;Calendrier Apel\u00a0et\u00a0temps forts\u00a02022-2023&nbsp;&raquo;<\/span><\/a><\/p>\n","protected":false},"author":1,"featured_media":0,"comment_status":"closed","ping_status":"closed","sticky":false,"template":"","format":"standard","meta":{"footnotes":""},"categories":[6],"tags":[],"class_list":["post-65","post","type-post","status-publish","format-standard","hentry","category-calendrier"],"_links":{"self":[{"href":"https:\/\/apelsteclotilde.fr\/index.php?rest_route=\/wp\/v2\/posts\/65","targetHints":{"allow":["GET"]}}],"collection":[{"href":"https:\/\/apelsteclotilde.fr\/index.php?rest_route=\/wp\/v2\/posts"}],"about":[{"href":"https:\/\/apelsteclotilde.fr\/index.php?rest_route=\/wp\/v2\/types\/post"}],"author":[{"embeddable":true,"href":"https:\/\/apelsteclotilde.fr\/index.php?rest_route=\/wp\/v2\/users\/1"}],"replies":[{"embeddable":true,"href":"https:\/\/apelsteclotilde.fr\/index.php?rest_route=%2Fwp%2Fv2%2Fcomments&post=65"}],"version-history":[{"count":7,"href":"https:\/\/apelsteclotilde.fr\/index.php?rest_route=\/wp\/v2\/posts\/65\/revisions"}],"predecessor-version":[{"id":137,"href":"https:\/\/apelsteclotilde.fr\/index.php?rest_route=\/wp\/v2\/posts\/65\/revisions\/137"}],"wp:attachment":[{"href":"https:\/\/apelsteclotilde.fr\/index.php?rest_route=%2Fwp%2Fv2%2Fmedia&parent=65"}],"wp:term":[{"taxonomy":"category","embeddable":true,"href":"https:\/\/apelsteclotilde.fr\/index.php?rest_route=%2Fwp%2Fv2%2Fcategories&post=65"},{"taxonomy":"post_tag","embeddable":true,"href":"https:\/\/apelsteclotilde.fr\/index.php?rest_route=%2Fwp%2Fv2%2Ftags&post=65"}],"curies":[{"name":"wp","href":"https:\/\/api.w.org\/{rel}","templated":true}]}}