{"id":528,"date":"2024-09-25T14:19:36","date_gmt":"2024-09-25T12:19:36","guid":{"rendered":"https:\/\/apelsteclotilde.fr\/?p=528"},"modified":"2024-09-25T14:19:36","modified_gmt":"2024-09-25T12:19:36","slug":"le-programme-de-lapel-pour-2024-25","status":"publish","type":"post","link":"https:\/\/apelsteclotilde.fr\/?p=528","title":{"rendered":"Le programme de l&rsquo;APEL pour 2024-25"},"content":{"rendered":"\n<p>L&rsquo;Assembl\u00e9e G\u00e9n\u00e9rale de l&rsquo;APEL du Coll\u00e8ge Sainte-Clotilde s&rsquo;est tenue le 17 septembre. Les rapports moral et financier de l&rsquo;ann\u00e9e \u00e9coul\u00e9e ont \u00e9t\u00e9 rendus publics, vot\u00e9s et approuv\u00e9s. Le Conseil d&rsquo;Administration et le Bureau de l&rsquo;APEL ont \u00e9t\u00e9 renouvel\u00e9s. Pour conna\u00eetre le d\u00e9tail des missions de l&rsquo;APEL et le Bureau \u00e9lu,  visitez <a href=\"https:\/\/apelsteclotilde.fr\/?page_id=2\" target=\"_blank\" rel=\"noreferrer noopener\">cette page<\/a>.<\/p>\n\n\n\n<p>Cette nouvelle ann\u00e9e scolaire sera encore une fois l&rsquo;occasion pour l&rsquo;APEL d&rsquo;organiser plusieurs actions avec la direction du Coll\u00e8ge.<\/p>\n\n\n\n<p>Un caf\u00e9 d\u2019accueil a \u00e9t\u00e9 propos\u00e9 aux parents de 6e le matin de la rentr\u00e9e, ce qui a permis qu&rsquo;ils se rencontrent et \u00e9changent \u00e9galement avec les parents de l\u2019APEL pr\u00e9sents.<\/p>\n\n\n\n<p>Les traditionnels \u00e9v\u00e9nements organis\u00e9s les ann\u00e9es pr\u00e9c\u00e9dentes sont \u00e9galement pr\u00e9vus :<\/p>\n\n\n\n<p>&#8211;&nbsp;&nbsp;&nbsp;&nbsp;&nbsp;&nbsp; Lancement des sacrements : 16\/11\/2024<\/p>\n\n\n\n<p>&#8211;&nbsp;&nbsp;&nbsp;&nbsp;&nbsp;&nbsp; Loto&nbsp;: 24\/01\/2025<\/p>\n\n\n\n<p>&#8211;\u00a0\u00a0\u00a0\u00a0\u00a0\u00a0 Forum des M\u00e9tiers pour les \u00e9l\u00e8ves de 4e et 3e : 04\/04\/2025<\/p>\n\n\n\n<p>&#8211;\u00a0\u00a0\u00a0\u00a0\u00a0\u00a0 Journ\u00e9e Portes Ouvertes : 17\/05\/2025<\/p>\n\n\n\n<p>&#8211;&nbsp;&nbsp;&nbsp;&nbsp;&nbsp;&nbsp; F\u00eate de fin d\u2019ann\u00e9e : 21\/06\/2025<\/p>\n\n\n\n<p>Seront \u00e9galement propos\u00e9es la vente de chocolats pour les p\u00e9riodes de No\u00ebl et P\u00e2ques, la vente de goodies estampill\u00e9s Sainte Clotilde et l\u2019organisation de conf\u00e9rences \u00e0 destination des parents sur diff\u00e9rents sujets (harc\u00e8lement, digital et autres).<\/p>\n\n\n\n<p>Pour que tout cela se fasse dans les meilleurs conditions, l&rsquo;APEL a besoin de votre aide et votre engagement. Si vous voulez participer et proposer des actions, vous \u00eates les bienvenus aux r\u00e9unions mensuelles. La prochaine est pr\u00e9vue pour le 15 octobre \u00e0 19h. <\/p>\n\n\n\n<figure class=\"wp-block-image size-large is-resized\"><img loading=\"lazy\" decoding=\"async\" width=\"1310\" height=\"983\" src=\"https:\/\/apelsteclotilde.fr\/wp-content\/uploads\/2024\/09\/Loto10-edited.jpeg\" alt=\"\" class=\"wp-image-531\" style=\"width:630px;height:auto\" srcset=\"https:\/\/apelsteclotilde.fr\/wp-content\/uploads\/2024\/09\/Loto10-edited.jpeg 1310w, https:\/\/apelsteclotilde.fr\/wp-content\/uploads\/2024\/09\/Loto10-edited-300x225.jpeg 300w, https:\/\/apelsteclotilde.fr\/wp-content\/uploads\/2024\/09\/Loto10-edited-1024x768.jpeg 1024w, https:\/\/apelsteclotilde.fr\/wp-content\/uploads\/2024\/09\/Loto10-edited-768x576.jpeg 768w, https:\/\/apelsteclotilde.fr\/wp-content\/uploads\/2024\/09\/Loto10-edited-1200x900.jpeg 1200w\" sizes=\"auto, (max-width: 709px) 85vw, (max-width: 909px) 67vw, (max-width: 1362px) 62vw, 840px\" \/><figcaption class=\"wp-element-caption\">Le Loto du Coll\u00e8ge en janvier 2024 a distribu\u00e9 des lots tr\u00e8s convoit\u00e9s<\/figcaption><\/figure>\n\n\n\n<p><\/p>\n","protected":false},"excerpt":{"rendered":"<p>L&rsquo;Assembl\u00e9e G\u00e9n\u00e9rale de l&rsquo;APEL du Coll\u00e8ge Sainte-Clotilde s&rsquo;est tenue le 17 septembre. Les rapports moral et financier de l&rsquo;ann\u00e9e \u00e9coul\u00e9e ont \u00e9t\u00e9 rendus publics, vot\u00e9s et approuv\u00e9s. Le Conseil d&rsquo;Administration et le Bureau de l&rsquo;APEL ont \u00e9t\u00e9 renouvel\u00e9s. Pour conna\u00eetre le d\u00e9tail des missions de l&rsquo;APEL et le Bureau \u00e9lu, visitez cette page. Cette nouvelle &hellip; <a href=\"https:\/\/apelsteclotilde.fr\/?p=528\" class=\"more-link\">Continuer la lecture<span class=\"screen-reader-text\"> de &laquo;&nbsp;Le programme de l&rsquo;APEL pour 2024-25&nbsp;&raquo;<\/span><\/a><\/p>\n","protected":false},"author":1,"featured_media":0,"comment_status":"closed","ping_status":"","sticky":false,"template":"","format":"standard","meta":{"footnotes":""},"categories":[6,5],"tags":[],"class_list":["post-528","post","type-post","status-publish","format-standard","hentry","category-calendrier","category-les-actualites"],"_links":{"self":[{"href":"https:\/\/apelsteclotilde.fr\/index.php?rest_route=\/wp\/v2\/posts\/528","targetHints":{"allow":["GET"]}}],"collection":[{"href":"https:\/\/apelsteclotilde.fr\/index.php?rest_route=\/wp\/v2\/posts"}],"about":[{"href":"https:\/\/apelsteclotilde.fr\/index.php?rest_route=\/wp\/v2\/types\/post"}],"author":[{"embeddable":true,"href":"https:\/\/apelsteclotilde.fr\/index.php?rest_route=\/wp\/v2\/users\/1"}],"replies":[{"embeddable":true,"href":"https:\/\/apelsteclotilde.fr\/index.php?rest_route=%2Fwp%2Fv2%2Fcomments&post=528"}],"version-history":[{"count":4,"href":"https:\/\/apelsteclotilde.fr\/index.php?rest_route=\/wp\/v2\/posts\/528\/revisions"}],"predecessor-version":[{"id":535,"href":"https:\/\/apelsteclotilde.fr\/index.php?rest_route=\/wp\/v2\/posts\/528\/revisions\/535"}],"wp:attachment":[{"href":"https:\/\/apelsteclotilde.fr\/index.php?rest_route=%2Fwp%2Fv2%2Fmedia&parent=528"}],"wp:term":[{"taxonomy":"category","embeddable":true,"href":"https:\/\/apelsteclotilde.fr\/index.php?rest_route=%2Fwp%2Fv2%2Fcategories&post=528"},{"taxonomy":"post_tag","embeddable":true,"href":"https:\/\/apelsteclotilde.fr\/index.php?rest_route=%2Fwp%2Fv2%2Ftags&post=528"}],"curies":[{"name":"wp","href":"https:\/\/api.w.org\/{rel}","templated":true}]}}