{"id":513,"date":"2024-08-29T17:38:45","date_gmt":"2024-08-29T15:38:45","guid":{"rendered":"https:\/\/apelsteclotilde.fr\/?p=513"},"modified":"2024-08-29T17:38:45","modified_gmt":"2024-08-29T15:38:45","slug":"cafe-de-bienvenue-et-1ere-reunion-apel-de-lannee","status":"publish","type":"post","link":"https:\/\/apelsteclotilde.fr\/?p=513","title":{"rendered":"Caf\u00e9 de bienvenue et 1\u00e8re r\u00e9union APEL de l&rsquo;ann\u00e9e"},"content":{"rendered":"\n<p>Le <strong>mardi 3 septembre <\/strong>\u00e0 9h nous accueillons chaleureusement les <strong>parents d&rsquo;\u00e9l\u00e8ves de 6e<\/strong> avec notre traditionnel <strong>Caf\u00e9 de la Rentr\u00e9e.<\/strong> <\/p>\n\n\n\n<p>Ce sera l&rsquo;occasion pour ceux qui commencent l&rsquo;aventure Sainte-Clotilde de discuter avec des parents qui connaissent d\u00e9j\u00e0 le Coll\u00e8ge.<\/p>\n\n\n\n<p>Apr\u00e8s la rentr\u00e9e des enfants de 6e, venez boire un caf\u00e9, manger un morceau de g\u00e2teau et \u00e9changer avec nous !<\/p>\n\n\n\n<p><\/p>\n\n\n\n<figure class=\"wp-block-image size-full\"><img loading=\"lazy\" decoding=\"async\" width=\"474\" height=\"316\" src=\"https:\/\/apelsteclotilde.fr\/wp-content\/uploads\/2024\/08\/th.jpg\" alt=\"\" class=\"wp-image-514\" srcset=\"https:\/\/apelsteclotilde.fr\/wp-content\/uploads\/2024\/08\/th.jpg 474w, https:\/\/apelsteclotilde.fr\/wp-content\/uploads\/2024\/08\/th-300x200.jpg 300w\" sizes=\"auto, (max-width: 474px) 85vw, 474px\" \/><\/figure>\n\n\n\n<p><\/p>\n\n\n\n<p><\/p>\n\n\n\n<p class=\"has-medium-font-size\">Et notez dans votre agenda la date de la premi\u00e8re <strong>r\u00e9union de l&rsquo;APEL <\/strong>&#8211; ce sera le <strong>mardi 17 septembre \u00e0 19h<\/strong>, \u00e0 l&rsquo;amphith\u00e9\u00e2tre du Coll\u00e8ge. <\/p>\n\n\n\n<p>Pour les nouveaux venus, ce sera l&rsquo;occasion de vous familiariser avec le fonctionnement de l&rsquo;APEL (vous pouvez avoir un premier aper\u00e7u de nos activit\u00e9s en parcourant ce blog et <a href=\"https:\/\/apelsteclotilde.fr\/?page_id=2\" target=\"_blank\" rel=\"noreferrer noopener\">ici<\/a> sur le fonctionnement et les missions de l&rsquo;APEL).<\/p>\n\n\n\n<p>Pour les anciens, ce sera le moment d&rsquo;une premi\u00e8re s\u00e9ance de retrouvailles pour lancer l&rsquo;ann\u00e9e ! <\/p>\n\n\n\n<figure class=\"wp-block-image size-full\"><img loading=\"lazy\" decoding=\"async\" width=\"768\" height=\"292\" src=\"https:\/\/apelsteclotilde.fr\/wp-content\/uploads\/2024\/08\/college-2.png\" alt=\"\" class=\"wp-image-519\" srcset=\"https:\/\/apelsteclotilde.fr\/wp-content\/uploads\/2024\/08\/college-2.png 768w, https:\/\/apelsteclotilde.fr\/wp-content\/uploads\/2024\/08\/college-2-300x114.png 300w\" sizes=\"auto, (max-width: 709px) 85vw, (max-width: 909px) 67vw, (max-width: 984px) 61vw, (max-width: 1362px) 45vw, 600px\" \/><\/figure>\n","protected":false},"excerpt":{"rendered":"<p>Le mardi 3 septembre \u00e0 9h nous accueillons chaleureusement les parents d&rsquo;\u00e9l\u00e8ves de 6e avec notre traditionnel Caf\u00e9 de la Rentr\u00e9e. Ce sera l&rsquo;occasion pour ceux qui commencent l&rsquo;aventure Sainte-Clotilde de discuter avec des parents qui connaissent d\u00e9j\u00e0 le Coll\u00e8ge. Apr\u00e8s la rentr\u00e9e des enfants de 6e, venez boire un caf\u00e9, manger un morceau de &hellip; <a href=\"https:\/\/apelsteclotilde.fr\/?p=513\" class=\"more-link\">Continuer la lecture<span class=\"screen-reader-text\"> de &laquo;&nbsp;Caf\u00e9 de bienvenue et 1\u00e8re r\u00e9union APEL de l&rsquo;ann\u00e9e&nbsp;&raquo;<\/span><\/a><\/p>\n","protected":false},"author":1,"featured_media":0,"comment_status":"closed","ping_status":"","sticky":false,"template":"","format":"standard","meta":{"footnotes":""},"categories":[6,5],"tags":[],"class_list":["post-513","post","type-post","status-publish","format-standard","hentry","category-calendrier","category-les-actualites"],"_links":{"self":[{"href":"https:\/\/apelsteclotilde.fr\/index.php?rest_route=\/wp\/v2\/posts\/513","targetHints":{"allow":["GET"]}}],"collection":[{"href":"https:\/\/apelsteclotilde.fr\/index.php?rest_route=\/wp\/v2\/posts"}],"about":[{"href":"https:\/\/apelsteclotilde.fr\/index.php?rest_route=\/wp\/v2\/types\/post"}],"author":[{"embeddable":true,"href":"https:\/\/apelsteclotilde.fr\/index.php?rest_route=\/wp\/v2\/users\/1"}],"replies":[{"embeddable":true,"href":"https:\/\/apelsteclotilde.fr\/index.php?rest_route=%2Fwp%2Fv2%2Fcomments&post=513"}],"version-history":[{"count":6,"href":"https:\/\/apelsteclotilde.fr\/index.php?rest_route=\/wp\/v2\/posts\/513\/revisions"}],"predecessor-version":[{"id":523,"href":"https:\/\/apelsteclotilde.fr\/index.php?rest_route=\/wp\/v2\/posts\/513\/revisions\/523"}],"wp:attachment":[{"href":"https:\/\/apelsteclotilde.fr\/index.php?rest_route=%2Fwp%2Fv2%2Fmedia&parent=513"}],"wp:term":[{"taxonomy":"category","embeddable":true,"href":"https:\/\/apelsteclotilde.fr\/index.php?rest_route=%2Fwp%2Fv2%2Fcategories&post=513"},{"taxonomy":"post_tag","embeddable":true,"href":"https:\/\/apelsteclotilde.fr\/index.php?rest_route=%2Fwp%2Fv2%2Ftags&post=513"}],"curies":[{"name":"wp","href":"https:\/\/api.w.org\/{rel}","templated":true}]}}